{"id":104,"date":"2024-11-26T14:01:43","date_gmt":"2024-11-26T13:01:43","guid":{"rendered":"https:\/\/noticiasafrobolivianas.org\/?p=104"},"modified":"2025-01-07T14:07:36","modified_gmt":"2025-01-07T13:07:36","slug":"artista-afroboliviana-expone-muestra-sargata","status":"publish","type":"post","link":"https:\/\/noticiasafrobolivianas.org\/index.php\/2024\/11\/26\/artista-afroboliviana-expone-muestra-sargata\/","title":{"rendered":"Artista afroboliviana expone la muestra Sargat\u00e1"},"content":{"rendered":"\n<p><strong>La artista afroboliviana Sharon P\u00e9rez expone la muestra Sargat\u00e1 hasta el 10 de diciembre de 2024. <\/strong><\/p>\n\n\n\n<p>Por medio de sus piezas art\u00edsticas aborda como eje principal el empoderamiento de la comunidad afroboliviana.<\/p>\n\n\n\n<p><strong>La exposici\u00f3n individual titulada Sargat\u00e1 (Comenzar, en lengua afroboliviana) de la artista afroboliviana<a href=\"http:\/\/www.facebook.com\/sharon.perez.33046\" target=\"_blank\" rel=\"noreferrer noopener\">\u00a0<\/a>se exhibe en la galer\u00eda de arte Altamira de La Paz hasta el pr\u00f3ximo martes de 10 de diciembre<\/strong>. A trav\u00e9s de una narrativa que combina tradici\u00f3n, identidad y fuerza cultural.<\/p>\n\n\n\n<p>La muestra se inaugur\u00f3 el pasado mi\u00e9rcoles 20 de noviembre en la galer\u00eda situada en la calle Jos\u00e9 Mar\u00eda Zalles del barrio de San Miguel.<\/p>\n\n\n\n<p><strong>M\u00e1s informaci\u00f3n: <a href=\"https:\/\/www.la-razon.com\/la-revista\/2024\/11\/25\/artista-afroboliviana-expone-la-muestra-sargata-hasta-el-10-de-diciembre\/\">La Raz\u00f3n<\/a><\/strong><\/p>\n","protected":false},"excerpt":{"rendered":"<p>La artista afroboliviana Sharon P\u00e9rez expone la muestra Sargat\u00e1 hasta el 10 de diciembre de 2024. Por medio de sus piezas art\u00edsticas aborda como eje principal el empoderamiento de la comunidad afroboliviana. La exposici\u00f3n individual titulada Sargat\u00e1 (Comenzar, en lengua afroboliviana) de la artista afroboliviana\u00a0se exhibe en la galer\u00eda de arte Altamira de La Paz&#8230;<\/p>\n","protected":false},"author":1,"featured_media":105,"comment_status":"closed","ping_status":"closed","sticky":false,"template":"","format":"standard","meta":{"footnotes":""},"categories":[3],"tags":[56,58,60,59],"class_list":["post-104","post","type-post","status-publish","format-standard","has-post-thumbnail","hentry","category-cultura","tag-artista","tag-muestra-2","tag-sargata","tag-sharon-perez"],"_links":{"self":[{"href":"https:\/\/noticiasafrobolivianas.org\/index.php\/wp-json\/wp\/v2\/posts\/104","targetHints":{"allow":["GET"]}}],"collection":[{"href":"https:\/\/noticiasafrobolivianas.org\/index.php\/wp-json\/wp\/v2\/posts"}],"about":[{"href":"https:\/\/noticiasafrobolivianas.org\/index.php\/wp-json\/wp\/v2\/types\/post"}],"author":[{"embeddable":true,"href":"https:\/\/noticiasafrobolivianas.org\/index.php\/wp-json\/wp\/v2\/users\/1"}],"replies":[{"embeddable":true,"href":"https:\/\/noticiasafrobolivianas.org\/index.php\/wp-json\/wp\/v2\/comments?post=104"}],"version-history":[{"count":3,"href":"https:\/\/noticiasafrobolivianas.org\/index.php\/wp-json\/wp\/v2\/posts\/104\/revisions"}],"predecessor-version":[{"id":108,"href":"https:\/\/noticiasafrobolivianas.org\/index.php\/wp-json\/wp\/v2\/posts\/104\/revisions\/108"}],"wp:featuredmedia":[{"embeddable":true,"href":"https:\/\/noticiasafrobolivianas.org\/index.php\/wp-json\/wp\/v2\/media\/105"}],"wp:attachment":[{"href":"https:\/\/noticiasafrobolivianas.org\/index.php\/wp-json\/wp\/v2\/media?parent=104"}],"wp:term":[{"taxonomy":"category","embeddable":true,"href":"https:\/\/noticiasafrobolivianas.org\/index.php\/wp-json\/wp\/v2\/categories?post=104"},{"taxonomy":"post_tag","embeddable":true,"href":"https:\/\/noticiasafrobolivianas.org\/index.php\/wp-json\/wp\/v2\/tags?post=104"}],"curies":[{"name":"wp","href":"https:\/\/api.w.org\/{rel}","templated":true}]}}