{"id":20,"date":"2023-08-01T23:08:00","date_gmt":"2023-08-01T21:08:00","guid":{"rendered":"https:\/\/noticiasafrobolivianas.org\/?p=20"},"modified":"2024-02-09T22:16:36","modified_gmt":"2024-02-09T21:16:36","slug":"jovenes-usan-tiktok-reivindicar-cultura-afroboliviana","status":"publish","type":"post","link":"https:\/\/noticiasafrobolivianas.org\/index.php\/2023\/08\/01\/jovenes-usan-tiktok-reivindicar-cultura-afroboliviana\/","title":{"rendered":"J\u00f3venes usan TikTok para reivindicar la cultura afroboliviana"},"content":{"rendered":"\n<p class=\"has-black-color has-text-color has-link-color wp-elements-8360c2ae6ff1b0006cc27f550b7e6e6b\"><strong>A trav\u00e9s de TikTok, tres hermanos afrobolivianos de Los Yungas buscan preservar la cultura afroboliviana ense\u00f1ando aspectos fundamentales de la danza y m\u00fasica originaria.<\/strong><\/p>\n\n\n\n<p class=\"has-black-color has-text-color has-link-color wp-elements-4272263da4b601e9e373ed853bd6f3db\"><strong>El canal de Osain, Semay y Naima V\u00e1squez Angola, residentes de Coscoma, es un espacio de reflexi\u00f3n y cr\u00edtica sobre la cultura afroboliviana<\/strong> reflejada y usada en festividades. Ellos observan que la ense\u00f1anza de la historia afro en los centros educativos no es acertada.<\/p>\n\n\n\n<p class=\"has-black-color has-text-color has-link-color wp-elements-dd17c8bca8ca2ab89680bbae75e96b01\"><strong>De igual forma, los peque\u00f1os realizan observaciones en la vestimenta, analizan las letras de canciones y critican que en algunos establecimientos de educaci\u00f3n la cultura afroboliviana <\/strong>no es abordada en extenso y muchas veces se cometen errores.<\/p>\n\n\n\n<p class=\"has-black-color has-text-color has-link-color wp-elements-d61ace879d758954a37e2ca354d78c28\">El investigador intercultural y escritor afroboliviano Mart\u00edn Miguel Ballivi\u00e1n concuerda con que, en la actualidad, la curricula educativa no cuenta la historia de los afrobolivianos contada \u201cdesde la piel\u201d, sino a partir de visiones de terceros.<\/p>\n\n\n\n<p class=\"has-black-color has-text-color has-link-color wp-elements-5b2bf13b36fc860007ccd78c1b0c5e9d\">\u201cLa inclusi\u00f3n de contenidos sobre la historia de la propia piel no est\u00e1 contemplada en la curricula b\u00e1sica.  Es importante que la historia se aborde como tal en las unidades educativas para que el ni\u00f1o afroboliviano se sienta orgulloso por todo lo realizado por sus ancestros\u201d, afirma Balliivi\u00e1n.<\/p>\n\n\n\n<p><strong>M\u00e1s Informaci\u00f3n: <a href=\"https:\/\/www.opinion.com.bo\/articulo\/cultura\/dentro-yungas-ninos-preservan-historia-afroboliviana-critican-nivel-inclusion-escuelas\/20230727111412915270.html\" target=\"_blank\" rel=\"noreferrer noopener\">Opini\u00f3n<\/a><\/strong><\/p>\n","protected":false},"excerpt":{"rendered":"<p>A trav\u00e9s de TikTok, tres hermanos afrobolivianos de Los Yungas buscan preservar la cultura afroboliviana ense\u00f1ando aspectos fundamentales de la danza y m\u00fasica originaria. El canal de Osain, Semay y Naima V\u00e1squez Angola, residentes de Coscoma, es un espacio de reflexi\u00f3n y cr\u00edtica sobre la cultura afroboliviana reflejada y usada en festividades. Ellos observan que&#8230;<\/p>\n","protected":false},"author":1,"featured_media":21,"comment_status":"open","ping_status":"open","sticky":false,"template":"","format":"standard","meta":{"footnotes":""},"categories":[9,3],"tags":[16,14,15],"class_list":["post-20","post","type-post","status-publish","format-standard","has-post-thumbnail","hentry","category-actualidad","category-cultura","tag-educacion","tag-jovenes","tag-tiktok"],"_links":{"self":[{"href":"https:\/\/noticiasafrobolivianas.org\/index.php\/wp-json\/wp\/v2\/posts\/20","targetHints":{"allow":["GET"]}}],"collection":[{"href":"https:\/\/noticiasafrobolivianas.org\/index.php\/wp-json\/wp\/v2\/posts"}],"about":[{"href":"https:\/\/noticiasafrobolivianas.org\/index.php\/wp-json\/wp\/v2\/types\/post"}],"author":[{"embeddable":true,"href":"https:\/\/noticiasafrobolivianas.org\/index.php\/wp-json\/wp\/v2\/users\/1"}],"replies":[{"embeddable":true,"href":"https:\/\/noticiasafrobolivianas.org\/index.php\/wp-json\/wp\/v2\/comments?post=20"}],"version-history":[{"count":2,"href":"https:\/\/noticiasafrobolivianas.org\/index.php\/wp-json\/wp\/v2\/posts\/20\/revisions"}],"predecessor-version":[{"id":39,"href":"https:\/\/noticiasafrobolivianas.org\/index.php\/wp-json\/wp\/v2\/posts\/20\/revisions\/39"}],"wp:featuredmedia":[{"embeddable":true,"href":"https:\/\/noticiasafrobolivianas.org\/index.php\/wp-json\/wp\/v2\/media\/21"}],"wp:attachment":[{"href":"https:\/\/noticiasafrobolivianas.org\/index.php\/wp-json\/wp\/v2\/media?parent=20"}],"wp:term":[{"taxonomy":"category","embeddable":true,"href":"https:\/\/noticiasafrobolivianas.org\/index.php\/wp-json\/wp\/v2\/categories?post=20"},{"taxonomy":"post_tag","embeddable":true,"href":"https:\/\/noticiasafrobolivianas.org\/index.php\/wp-json\/wp\/v2\/tags?post=20"}],"curies":[{"name":"wp","href":"https:\/\/api.w.org\/{rel}","templated":true}]}}