{"id":29,"date":"2022-11-24T00:09:00","date_gmt":"2022-11-23T23:09:00","guid":{"rendered":"https:\/\/noticiasafrobolivianas.org\/?p=29"},"modified":"2024-02-09T22:17:26","modified_gmt":"2024-02-09T21:17:26","slug":"fallece-politico-afroboliviano-jorge-medina","status":"publish","type":"post","link":"https:\/\/noticiasafrobolivianas.org\/index.php\/2022\/11\/24\/fallece-politico-afroboliviano-jorge-medina\/","title":{"rendered":"Fallece el pol\u00edtico afroboliviano Jorge Medina"},"content":{"rendered":"\n<p class=\"has-black-color has-text-color has-link-color wp-elements-2c8dc0c46eb80284b25d04fd047986ff\"><strong>El 23 de noviembre de 2022 falleci\u00f3 el l\u00edder afroboliviano y exdiputado del Movimiento Al Socialismo (MAS), Jorge Medina. <\/strong>Fue el primer afroboliviano que logr\u00f3 ser parte de la Asamblea Legislativa.<\/p>\n\n\n\n<p class=\"has-black-color has-text-color has-link-color wp-elements-f4e94fada6b7ffbbba18b9260637bb56\"><strong>El Consejo Departamental Afroboliviano de Cochabamba confirm\u00f3 la noticia <\/strong>y lament\u00f3 la p\u00e9rdida irreparable de un hombre que luch\u00f3 por la inclusi\u00f3n, seg\u00fan el reporte de Radio Yungas.<\/p>\n\n\n\n<p class=\"has-black-color has-text-color has-link-color wp-elements-ecb6b60ffafe980387e0a475ad471fd6\"><strong>Desde 2001, Medina incursion\u00f3 en la comunicaci\u00f3n popular, <\/strong>conduciendo un programa de radio, denominado \u201cRa\u00edces Africanas\u201d, desde donde impulsaba una comunicaci\u00f3n social alternativa orientada a la inclusi\u00f3n y la b\u00fasqueda de la democratizaci\u00f3n de la informaci\u00f3n para las comunidades. En 2005, particip\u00f3 como actor de reparto en la pel\u00edcula boliviana \u201cAmerican Visa\u201d.<\/p>\n\n\n\n<p class=\"has-black-color has-text-color has-link-color wp-elements-0ab8fd629f84e27483c42ece2fd2d0b6\"><strong>Posteriormente incursion\u00f3 en la pol\u00edtica en filas del MAS. <\/strong><\/p>\n\n\n\n<p class=\"has-black-color has-text-color has-link-color wp-elements-a877ca479e96b7122655807f82449e91\"><strong>En las elecciones de 2009, result\u00f3 electo como diputado nacional por la Circunscripci\u00f3n Especial Ind\u00edgena-Originaria-Campesina y Afroboliviana del departamento de La Paz. <\/strong><\/p>\n","protected":false},"excerpt":{"rendered":"<p>El 23 de noviembre de 2022 falleci\u00f3 el l\u00edder afroboliviano y exdiputado del Movimiento Al Socialismo (MAS), Jorge Medina. Fue el primer afroboliviano que logr\u00f3 ser parte de la Asamblea Legislativa. El Consejo Departamental Afroboliviano de Cochabamba confirm\u00f3 la noticia y lament\u00f3 la p\u00e9rdida irreparable de un hombre que luch\u00f3 por la inclusi\u00f3n, seg\u00fan el&#8230;<\/p>\n","protected":false},"author":1,"featured_media":31,"comment_status":"open","ping_status":"open","sticky":false,"template":"","format":"standard","meta":{"footnotes":""},"categories":[9,7],"tags":[24,25],"class_list":["post-29","post","type-post","status-publish","format-standard","has-post-thumbnail","hentry","category-actualidad","category-nacional","tag-fallece","tag-jorge-medina"],"_links":{"self":[{"href":"https:\/\/noticiasafrobolivianas.org\/index.php\/wp-json\/wp\/v2\/posts\/29","targetHints":{"allow":["GET"]}}],"collection":[{"href":"https:\/\/noticiasafrobolivianas.org\/index.php\/wp-json\/wp\/v2\/posts"}],"about":[{"href":"https:\/\/noticiasafrobolivianas.org\/index.php\/wp-json\/wp\/v2\/types\/post"}],"author":[{"embeddable":true,"href":"https:\/\/noticiasafrobolivianas.org\/index.php\/wp-json\/wp\/v2\/users\/1"}],"replies":[{"embeddable":true,"href":"https:\/\/noticiasafrobolivianas.org\/index.php\/wp-json\/wp\/v2\/comments?post=29"}],"version-history":[{"count":2,"href":"https:\/\/noticiasafrobolivianas.org\/index.php\/wp-json\/wp\/v2\/posts\/29\/revisions"}],"predecessor-version":[{"id":41,"href":"https:\/\/noticiasafrobolivianas.org\/index.php\/wp-json\/wp\/v2\/posts\/29\/revisions\/41"}],"wp:featuredmedia":[{"embeddable":true,"href":"https:\/\/noticiasafrobolivianas.org\/index.php\/wp-json\/wp\/v2\/media\/31"}],"wp:attachment":[{"href":"https:\/\/noticiasafrobolivianas.org\/index.php\/wp-json\/wp\/v2\/media?parent=29"}],"wp:term":[{"taxonomy":"category","embeddable":true,"href":"https:\/\/noticiasafrobolivianas.org\/index.php\/wp-json\/wp\/v2\/categories?post=29"},{"taxonomy":"post_tag","embeddable":true,"href":"https:\/\/noticiasafrobolivianas.org\/index.php\/wp-json\/wp\/v2\/tags?post=29"}],"curies":[{"name":"wp","href":"https:\/\/api.w.org\/{rel}","templated":true}]}}