{"id":54,"date":"2023-08-30T11:47:00","date_gmt":"2023-08-30T09:47:00","guid":{"rendered":"https:\/\/noticiasafrobolivianas.org\/?p=54"},"modified":"2024-06-18T11:57:42","modified_gmt":"2024-06-18T09:57:42","slug":"encuentro-pueblo-afroboliviano-contra-racismo","status":"publish","type":"post","link":"https:\/\/noticiasafrobolivianas.org\/index.php\/2023\/08\/30\/encuentro-pueblo-afroboliviano-contra-racismo\/","title":{"rendered":"Encuentro Pueblo Afroboliviano contra el Racismo"},"content":{"rendered":"\n<p><strong>Encuentro Pueblo Afroboliviano contra el Racismo junto con los Pueblos Ind\u00edgenas en la Casa de la Moneda se produjo el 28 agosto de 2023<\/strong><\/p>\n\n\n\n<p><strong>Se recalc\u00f3 la importancia de unir esfuerzos para combatir la discriminaci\u00f3n y el racismo<\/strong> entre afrobolivianos y pueblos ind\u00edgenas.<\/p>\n\n\n\n<p><strong>El Director de la Casa Nacional de la Moneda dio la bienvenida<\/strong> a ambas representaciones record\u00e1ndoles que, por herencia hist\u00f3rica, son los due\u00f1os de esa edificaci\u00f3n.<\/p>\n","protected":false},"excerpt":{"rendered":"<p>Encuentro Pueblo Afroboliviano contra el Racismo junto con los Pueblos Ind\u00edgenas en la Casa de la Moneda se produjo el 28 agosto de 2023 Se recalc\u00f3 la importancia de unir esfuerzos para combatir la discriminaci\u00f3n y el racismo entre afrobolivianos y pueblos ind\u00edgenas. El Director de la Casa Nacional de la Moneda dio la bienvenida&#8230;<\/p>\n","protected":false},"author":1,"featured_media":55,"comment_status":"open","ping_status":"open","sticky":false,"template":"","format":"standard","meta":{"footnotes":""},"categories":[5],"tags":[27,26],"class_list":["post-54","post","type-post","status-publish","format-standard","has-post-thumbnail","hentry","category-derechos","tag-encuentro","tag-racismo"],"_links":{"self":[{"href":"https:\/\/noticiasafrobolivianas.org\/index.php\/wp-json\/wp\/v2\/posts\/54","targetHints":{"allow":["GET"]}}],"collection":[{"href":"https:\/\/noticiasafrobolivianas.org\/index.php\/wp-json\/wp\/v2\/posts"}],"about":[{"href":"https:\/\/noticiasafrobolivianas.org\/index.php\/wp-json\/wp\/v2\/types\/post"}],"author":[{"embeddable":true,"href":"https:\/\/noticiasafrobolivianas.org\/index.php\/wp-json\/wp\/v2\/users\/1"}],"replies":[{"embeddable":true,"href":"https:\/\/noticiasafrobolivianas.org\/index.php\/wp-json\/wp\/v2\/comments?post=54"}],"version-history":[{"count":2,"href":"https:\/\/noticiasafrobolivianas.org\/index.php\/wp-json\/wp\/v2\/posts\/54\/revisions"}],"predecessor-version":[{"id":57,"href":"https:\/\/noticiasafrobolivianas.org\/index.php\/wp-json\/wp\/v2\/posts\/54\/revisions\/57"}],"wp:featuredmedia":[{"embeddable":true,"href":"https:\/\/noticiasafrobolivianas.org\/index.php\/wp-json\/wp\/v2\/media\/55"}],"wp:attachment":[{"href":"https:\/\/noticiasafrobolivianas.org\/index.php\/wp-json\/wp\/v2\/media?parent=54"}],"wp:term":[{"taxonomy":"category","embeddable":true,"href":"https:\/\/noticiasafrobolivianas.org\/index.php\/wp-json\/wp\/v2\/categories?post=54"},{"taxonomy":"post_tag","embeddable":true,"href":"https:\/\/noticiasafrobolivianas.org\/index.php\/wp-json\/wp\/v2\/tags?post=54"}],"curies":[{"name":"wp","href":"https:\/\/api.w.org\/{rel}","templated":true}]}}