{"id":58,"date":"2024-02-06T11:59:00","date_gmt":"2024-02-06T10:59:00","guid":{"rendered":"https:\/\/noticiasafrobolivianas.org\/?p=58"},"modified":"2024-06-18T12:05:53","modified_gmt":"2024-06-18T10:05:53","slug":"estadounidense-viajo-cochabamba-hablar-afrobolivianos","status":"publish","type":"post","link":"https:\/\/noticiasafrobolivianas.org\/index.php\/2024\/02\/06\/estadounidense-viajo-cochabamba-hablar-afrobolivianos\/","title":{"rendered":"Estadounidense viaj\u00f3 a Cochabamba para hablar de los afrobolivianos"},"content":{"rendered":"\n<p><strong>Una antrop\u00f3loga estadounidense viaj\u00f3 a Cochabamba para hablar de los afrobolivianos el 4 de febrero de 2024.<\/strong><\/p>\n\n\n\n<p>Sheila Walker ofreci\u00f3 un taller para el desarrollo del liderazgo en el Pueblo Afroboliviano y la importancia de la identidad comunitaria.<\/p>\n\n\n\n<p>Tambi\u00e9n dio una charla en el Centro Boliviano-Americano.<\/p>\n","protected":false},"excerpt":{"rendered":"<p>Una antrop\u00f3loga estadounidense viaj\u00f3 a Cochabamba para hablar de los afrobolivianos el 4 de febrero de 2024. Sheila Walker ofreci\u00f3 un taller para el desarrollo del liderazgo en el Pueblo Afroboliviano y la importancia de la identidad comunitaria. Tambi\u00e9n dio una charla en el Centro Boliviano-Americano.<\/p>\n","protected":false},"author":1,"featured_media":59,"comment_status":"open","ping_status":"open","sticky":false,"template":"","format":"standard","meta":{"footnotes":""},"categories":[6],"tags":[29,31,28,30],"class_list":["post-58","post","type-post","status-publish","format-standard","has-post-thumbnail","hentry","category-internacional","tag-antropologa","tag-charla","tag-cochabamba","tag-taller"],"_links":{"self":[{"href":"https:\/\/noticiasafrobolivianas.org\/index.php\/wp-json\/wp\/v2\/posts\/58","targetHints":{"allow":["GET"]}}],"collection":[{"href":"https:\/\/noticiasafrobolivianas.org\/index.php\/wp-json\/wp\/v2\/posts"}],"about":[{"href":"https:\/\/noticiasafrobolivianas.org\/index.php\/wp-json\/wp\/v2\/types\/post"}],"author":[{"embeddable":true,"href":"https:\/\/noticiasafrobolivianas.org\/index.php\/wp-json\/wp\/v2\/users\/1"}],"replies":[{"embeddable":true,"href":"https:\/\/noticiasafrobolivianas.org\/index.php\/wp-json\/wp\/v2\/comments?post=58"}],"version-history":[{"count":1,"href":"https:\/\/noticiasafrobolivianas.org\/index.php\/wp-json\/wp\/v2\/posts\/58\/revisions"}],"predecessor-version":[{"id":60,"href":"https:\/\/noticiasafrobolivianas.org\/index.php\/wp-json\/wp\/v2\/posts\/58\/revisions\/60"}],"wp:featuredmedia":[{"embeddable":true,"href":"https:\/\/noticiasafrobolivianas.org\/index.php\/wp-json\/wp\/v2\/media\/59"}],"wp:attachment":[{"href":"https:\/\/noticiasafrobolivianas.org\/index.php\/wp-json\/wp\/v2\/media?parent=58"}],"wp:term":[{"taxonomy":"category","embeddable":true,"href":"https:\/\/noticiasafrobolivianas.org\/index.php\/wp-json\/wp\/v2\/categories?post=58"},{"taxonomy":"post_tag","embeddable":true,"href":"https:\/\/noticiasafrobolivianas.org\/index.php\/wp-json\/wp\/v2\/tags?post=58"}],"curies":[{"name":"wp","href":"https:\/\/api.w.org\/{rel}","templated":true}]}}