{"id":61,"date":"2024-03-16T12:07:00","date_gmt":"2024-03-16T11:07:00","guid":{"rendered":"https:\/\/noticiasafrobolivianas.org\/?p=61"},"modified":"2024-06-18T12:14:10","modified_gmt":"2024-06-18T10:14:10","slug":"presidente-arce-aprueba-casa-memoria-pueblo-afroboliviano","status":"publish","type":"post","link":"https:\/\/noticiasafrobolivianas.org\/index.php\/2024\/03\/16\/presidente-arce-aprueba-casa-memoria-pueblo-afroboliviano\/","title":{"rendered":"Presidente Arce aprueba Casa de la Memoria del Pueblo Afroboliviano"},"content":{"rendered":"\n<p>El Presidente Arce aprueba Casa de la Memoria del Pueblo Afroboliviano en el contexto de la inauguraci\u00f3n del Primer Encuentro Nacional del Pueblo Afroboliviano celebrado en la Paz.<\/p>\n\n\n\n<p>Junto a la Ministra de la Presidencia Maria Nela Prada el Presidente se comprometi\u00f3 a la construcci\u00f3n de la Casa de la Memoria y otras serie de iniciativas de inclusi\u00f3n social.<\/p>\n","protected":false},"excerpt":{"rendered":"<p>El Presidente Arce aprueba Casa de la Memoria del Pueblo Afroboliviano en el contexto de la inauguraci\u00f3n del Primer Encuentro Nacional del Pueblo Afroboliviano celebrado en la Paz. Junto a la Ministra de la Presidencia Maria Nela Prada el Presidente se comprometi\u00f3 a la construcci\u00f3n de la Casa de la Memoria y otras serie de&#8230;<\/p>\n","protected":false},"author":1,"featured_media":62,"comment_status":"open","ping_status":"open","sticky":false,"template":"","format":"standard","meta":{"footnotes":""},"categories":[7],"tags":[33,32],"class_list":["post-61","post","type-post","status-publish","format-standard","has-post-thumbnail","hentry","category-nacional","tag-casa-memoria","tag-luis-arce"],"_links":{"self":[{"href":"https:\/\/noticiasafrobolivianas.org\/index.php\/wp-json\/wp\/v2\/posts\/61","targetHints":{"allow":["GET"]}}],"collection":[{"href":"https:\/\/noticiasafrobolivianas.org\/index.php\/wp-json\/wp\/v2\/posts"}],"about":[{"href":"https:\/\/noticiasafrobolivianas.org\/index.php\/wp-json\/wp\/v2\/types\/post"}],"author":[{"embeddable":true,"href":"https:\/\/noticiasafrobolivianas.org\/index.php\/wp-json\/wp\/v2\/users\/1"}],"replies":[{"embeddable":true,"href":"https:\/\/noticiasafrobolivianas.org\/index.php\/wp-json\/wp\/v2\/comments?post=61"}],"version-history":[{"count":1,"href":"https:\/\/noticiasafrobolivianas.org\/index.php\/wp-json\/wp\/v2\/posts\/61\/revisions"}],"predecessor-version":[{"id":63,"href":"https:\/\/noticiasafrobolivianas.org\/index.php\/wp-json\/wp\/v2\/posts\/61\/revisions\/63"}],"wp:featuredmedia":[{"embeddable":true,"href":"https:\/\/noticiasafrobolivianas.org\/index.php\/wp-json\/wp\/v2\/media\/62"}],"wp:attachment":[{"href":"https:\/\/noticiasafrobolivianas.org\/index.php\/wp-json\/wp\/v2\/media?parent=61"}],"wp:term":[{"taxonomy":"category","embeddable":true,"href":"https:\/\/noticiasafrobolivianas.org\/index.php\/wp-json\/wp\/v2\/categories?post=61"},{"taxonomy":"post_tag","embeddable":true,"href":"https:\/\/noticiasafrobolivianas.org\/index.php\/wp-json\/wp\/v2\/tags?post=61"}],"curies":[{"name":"wp","href":"https:\/\/api.w.org\/{rel}","templated":true}]}}