{"id":78,"date":"2024-07-16T18:48:11","date_gmt":"2024-07-16T16:48:11","guid":{"rendered":"https:\/\/noticiasafrobolivianas.org\/?p=78"},"modified":"2024-07-24T18:56:14","modified_gmt":"2024-07-24T16:56:14","slug":"fallece-primer-ejecutivo-conafro-santa-cruz","status":"publish","type":"post","link":"https:\/\/noticiasafrobolivianas.org\/index.php\/2024\/07\/16\/fallece-primer-ejecutivo-conafro-santa-cruz\/","title":{"rendered":"Fallece Primer Ejecutivo de CONAFRO de Santa Cruz"},"content":{"rendered":"\n<p>Se comunica el fallecimiento de quien fue el Primer Ejecutivo del Consejo Nacional Afroboliviano de Santa Cruz.<\/p>\n\n\n\n<p>El se\u00f1or F\u00e9lix Pinedo Medina falleci\u00f3 el 15 de julio de 2024.<\/p>\n","protected":false},"excerpt":{"rendered":"<p>Se comunica el fallecimiento de quien fue el Primer Ejecutivo del Consejo Nacional Afroboliviano de Santa Cruz. El se\u00f1or F\u00e9lix Pinedo Medina falleci\u00f3 el 15 de julio de 2024.<\/p>\n","protected":false},"author":1,"featured_media":79,"comment_status":"closed","ping_status":"closed","sticky":false,"template":"","format":"standard","meta":{"footnotes":""},"categories":[7],"tags":[39,40],"class_list":["post-78","post","type-post","status-publish","format-standard","has-post-thumbnail","hentry","category-nacional","tag-conafro","tag-fallecimiento"],"_links":{"self":[{"href":"https:\/\/noticiasafrobolivianas.org\/index.php\/wp-json\/wp\/v2\/posts\/78","targetHints":{"allow":["GET"]}}],"collection":[{"href":"https:\/\/noticiasafrobolivianas.org\/index.php\/wp-json\/wp\/v2\/posts"}],"about":[{"href":"https:\/\/noticiasafrobolivianas.org\/index.php\/wp-json\/wp\/v2\/types\/post"}],"author":[{"embeddable":true,"href":"https:\/\/noticiasafrobolivianas.org\/index.php\/wp-json\/wp\/v2\/users\/1"}],"replies":[{"embeddable":true,"href":"https:\/\/noticiasafrobolivianas.org\/index.php\/wp-json\/wp\/v2\/comments?post=78"}],"version-history":[{"count":1,"href":"https:\/\/noticiasafrobolivianas.org\/index.php\/wp-json\/wp\/v2\/posts\/78\/revisions"}],"predecessor-version":[{"id":80,"href":"https:\/\/noticiasafrobolivianas.org\/index.php\/wp-json\/wp\/v2\/posts\/78\/revisions\/80"}],"wp:featuredmedia":[{"embeddable":true,"href":"https:\/\/noticiasafrobolivianas.org\/index.php\/wp-json\/wp\/v2\/media\/79"}],"wp:attachment":[{"href":"https:\/\/noticiasafrobolivianas.org\/index.php\/wp-json\/wp\/v2\/media?parent=78"}],"wp:term":[{"taxonomy":"category","embeddable":true,"href":"https:\/\/noticiasafrobolivianas.org\/index.php\/wp-json\/wp\/v2\/categories?post=78"},{"taxonomy":"post_tag","embeddable":true,"href":"https:\/\/noticiasafrobolivianas.org\/index.php\/wp-json\/wp\/v2\/tags?post=78"}],"curies":[{"name":"wp","href":"https:\/\/api.w.org\/{rel}","templated":true}]}}