{"id":81,"date":"2024-07-22T19:26:48","date_gmt":"2024-07-22T17:26:48","guid":{"rendered":"https:\/\/noticiasafrobolivianas.org\/?p=81"},"modified":"2024-07-24T19:31:06","modified_gmt":"2024-07-24T17:31:06","slug":"recorrido-entrada-virgen-urkupina","status":"publish","type":"post","link":"https:\/\/noticiasafrobolivianas.org\/index.php\/2024\/07\/22\/recorrido-entrada-virgen-urkupina\/","title":{"rendered":"Recorrido de la Entrada de la Virgen de Urkupi\u00f1a"},"content":{"rendered":"\n<p><strong>Recorrido de la Entrada de la Virgen de Urkupi\u00f1a tendr\u00e1 lugar el mi\u00e9rcoles 24 de julio de 2024.<\/strong><\/p>\n\n\n\n<p>Punto de salida ser\u00e1 la Plaza del C\u00f3ndor, frente la Alcald\u00eda de Quillacollo, a las 19:00 pm.<\/p>\n\n\n\n<p>Se bailar\u00e1 la Saya Mauchi.<\/p>\n","protected":false},"excerpt":{"rendered":"<p>Recorrido de la Entrada de la Virgen de Urkupi\u00f1a tendr\u00e1 lugar el mi\u00e9rcoles 24 de julio de 2024. Punto de salida ser\u00e1 la Plaza del C\u00f3ndor, frente la Alcald\u00eda de Quillacollo, a las 19:00 pm. Se bailar\u00e1 la Saya Mauchi.<\/p>\n","protected":false},"author":1,"featured_media":82,"comment_status":"closed","ping_status":"closed","sticky":false,"template":"","format":"standard","meta":{"footnotes":""},"categories":[9,3],"tags":[42,41],"class_list":["post-81","post","type-post","status-publish","format-standard","has-post-thumbnail","hentry","category-actualidad","category-cultura","tag-urkupina","tag-virgen"],"_links":{"self":[{"href":"https:\/\/noticiasafrobolivianas.org\/index.php\/wp-json\/wp\/v2\/posts\/81","targetHints":{"allow":["GET"]}}],"collection":[{"href":"https:\/\/noticiasafrobolivianas.org\/index.php\/wp-json\/wp\/v2\/posts"}],"about":[{"href":"https:\/\/noticiasafrobolivianas.org\/index.php\/wp-json\/wp\/v2\/types\/post"}],"author":[{"embeddable":true,"href":"https:\/\/noticiasafrobolivianas.org\/index.php\/wp-json\/wp\/v2\/users\/1"}],"replies":[{"embeddable":true,"href":"https:\/\/noticiasafrobolivianas.org\/index.php\/wp-json\/wp\/v2\/comments?post=81"}],"version-history":[{"count":1,"href":"https:\/\/noticiasafrobolivianas.org\/index.php\/wp-json\/wp\/v2\/posts\/81\/revisions"}],"predecessor-version":[{"id":83,"href":"https:\/\/noticiasafrobolivianas.org\/index.php\/wp-json\/wp\/v2\/posts\/81\/revisions\/83"}],"wp:featuredmedia":[{"embeddable":true,"href":"https:\/\/noticiasafrobolivianas.org\/index.php\/wp-json\/wp\/v2\/media\/82"}],"wp:attachment":[{"href":"https:\/\/noticiasafrobolivianas.org\/index.php\/wp-json\/wp\/v2\/media?parent=81"}],"wp:term":[{"taxonomy":"category","embeddable":true,"href":"https:\/\/noticiasafrobolivianas.org\/index.php\/wp-json\/wp\/v2\/categories?post=81"},{"taxonomy":"post_tag","embeddable":true,"href":"https:\/\/noticiasafrobolivianas.org\/index.php\/wp-json\/wp\/v2\/tags?post=81"}],"curies":[{"name":"wp","href":"https:\/\/api.w.org\/{rel}","templated":true}]}}