{"id":85,"date":"2024-07-25T14:40:28","date_gmt":"2024-07-25T12:40:28","guid":{"rendered":"https:\/\/noticiasafrobolivianas.org\/?p=85"},"modified":"2024-07-28T14:44:52","modified_gmt":"2024-07-28T12:44:52","slug":"dia-internacional-mujer-afrodescendiente","status":"publish","type":"post","link":"https:\/\/noticiasafrobolivianas.org\/index.php\/2024\/07\/25\/dia-internacional-mujer-afrodescendiente\/","title":{"rendered":"D\u00eda Internacional de la Mujer Afrodescendiente"},"content":{"rendered":"\n<p><strong>D\u00eda Internacional de la Mujer Afrodescendiente. Hoy 25 de julio se conmemora el D\u00eda Internacional de la Mujer Afro Latina, Afrocaribe\u00f1a y de la Di\u00e1spora.<\/strong><\/p>\n\n\n\n<p>Esta fecha fue instituida en 1992 durante el Primer Encuentro de Mujeres Afrolatinoamericanas y Afrocaribe\u00f1as en Santo Domingo, Rep\u00fablica Dominicana.<\/p>\n\n\n\n<p><strong>Se pretende denunciar la opresi\u00f3n y debatir soluciones en la lucha contra el racismo y el sexismo. <\/strong><\/p>\n\n\n\n<p>La efem\u00e9ride tiene como objetivo visibilizar a las mujeres afrodescendientes y promover pol\u00edticas p\u00fablicas para mejorar su calidad de vida y erradicar el racismo y la discriminaci\u00f3n.<\/p>\n\n\n\n<p><strong>Felicidades a las hermanas afrodescendientes y afrobolivianas, <\/strong>conmemorando su d\u00eda y destacar su lucha en busca de mejores d\u00edas para el Pueblo Afroboliviano.<\/p>\n","protected":false},"excerpt":{"rendered":"<p>D\u00eda Internacional de la Mujer Afrodescendiente. Hoy 25 de julio se conmemora el D\u00eda Internacional de la Mujer Afro Latina, Afrocaribe\u00f1a y de la Di\u00e1spora. Esta fecha fue instituida en 1992 durante el Primer Encuentro de Mujeres Afrolatinoamericanas y Afrocaribe\u00f1as en Santo Domingo, Rep\u00fablica Dominicana. Se pretende denunciar la opresi\u00f3n y debatir soluciones en la&#8230;<\/p>\n","protected":false},"author":1,"featured_media":86,"comment_status":"closed","ping_status":"closed","sticky":false,"template":"","format":"standard","meta":{"footnotes":""},"categories":[5,6],"tags":[45,43,44],"class_list":["post-85","post","type-post","status-publish","format-standard","has-post-thumbnail","hentry","category-derechos","category-internacional","tag-afrodescendiente","tag-dia","tag-mujer"],"_links":{"self":[{"href":"https:\/\/noticiasafrobolivianas.org\/index.php\/wp-json\/wp\/v2\/posts\/85","targetHints":{"allow":["GET"]}}],"collection":[{"href":"https:\/\/noticiasafrobolivianas.org\/index.php\/wp-json\/wp\/v2\/posts"}],"about":[{"href":"https:\/\/noticiasafrobolivianas.org\/index.php\/wp-json\/wp\/v2\/types\/post"}],"author":[{"embeddable":true,"href":"https:\/\/noticiasafrobolivianas.org\/index.php\/wp-json\/wp\/v2\/users\/1"}],"replies":[{"embeddable":true,"href":"https:\/\/noticiasafrobolivianas.org\/index.php\/wp-json\/wp\/v2\/comments?post=85"}],"version-history":[{"count":1,"href":"https:\/\/noticiasafrobolivianas.org\/index.php\/wp-json\/wp\/v2\/posts\/85\/revisions"}],"predecessor-version":[{"id":87,"href":"https:\/\/noticiasafrobolivianas.org\/index.php\/wp-json\/wp\/v2\/posts\/85\/revisions\/87"}],"wp:featuredmedia":[{"embeddable":true,"href":"https:\/\/noticiasafrobolivianas.org\/index.php\/wp-json\/wp\/v2\/media\/86"}],"wp:attachment":[{"href":"https:\/\/noticiasafrobolivianas.org\/index.php\/wp-json\/wp\/v2\/media?parent=85"}],"wp:term":[{"taxonomy":"category","embeddable":true,"href":"https:\/\/noticiasafrobolivianas.org\/index.php\/wp-json\/wp\/v2\/categories?post=85"},{"taxonomy":"post_tag","embeddable":true,"href":"https:\/\/noticiasafrobolivianas.org\/index.php\/wp-json\/wp\/v2\/tags?post=85"}],"curies":[{"name":"wp","href":"https:\/\/api.w.org\/{rel}","templated":true}]}}