{"id":88,"date":"2024-06-10T14:46:55","date_gmt":"2024-06-10T12:46:55","guid":{"rendered":"https:\/\/noticiasafrobolivianas.org\/?p=88"},"modified":"2024-07-28T15:01:26","modified_gmt":"2024-07-28T13:01:26","slug":"homenaje-promulgacion-ley-1559","status":"publish","type":"post","link":"https:\/\/noticiasafrobolivianas.org\/index.php\/2024\/06\/10\/homenaje-promulgacion-ley-1559\/","title":{"rendered":"Homenaje de la promulgaci\u00f3n ley 1559"},"content":{"rendered":"\n<p><strong>Todos los interesados est\u00e1 invitados a al homenaje por la promulgaci\u00f3n de la ley 1559.<\/strong><\/p>\n\n\n\n<p>Esa ley Declara el d\u00eda Nacional de la Expresi\u00f3n Art\u00edstica y Cultural Viva de la Saya Afroboliviana.<\/p>\n\n\n\n<p>Tendr\u00e1 lugar el 13 de junio a las 10:00 AM.<\/p>\n","protected":false},"excerpt":{"rendered":"<p>Todos los interesados est\u00e1 invitados a al homenaje por la promulgaci\u00f3n de la ley 1559. Esa ley Declara el d\u00eda Nacional de la Expresi\u00f3n Art\u00edstica y Cultural Viva de la Saya Afroboliviana. Tendr\u00e1 lugar el 13 de junio a las 10:00 AM.<\/p>\n","protected":false},"author":1,"featured_media":89,"comment_status":"closed","ping_status":"closed","sticky":false,"template":"","format":"standard","meta":{"footnotes":""},"categories":[9,5],"tags":[47,46],"class_list":["post-88","post","type-post","status-publish","format-standard","has-post-thumbnail","hentry","category-actualidad","category-derechos","tag-derechos","tag-ley"],"_links":{"self":[{"href":"https:\/\/noticiasafrobolivianas.org\/index.php\/wp-json\/wp\/v2\/posts\/88","targetHints":{"allow":["GET"]}}],"collection":[{"href":"https:\/\/noticiasafrobolivianas.org\/index.php\/wp-json\/wp\/v2\/posts"}],"about":[{"href":"https:\/\/noticiasafrobolivianas.org\/index.php\/wp-json\/wp\/v2\/types\/post"}],"author":[{"embeddable":true,"href":"https:\/\/noticiasafrobolivianas.org\/index.php\/wp-json\/wp\/v2\/users\/1"}],"replies":[{"embeddable":true,"href":"https:\/\/noticiasafrobolivianas.org\/index.php\/wp-json\/wp\/v2\/comments?post=88"}],"version-history":[{"count":1,"href":"https:\/\/noticiasafrobolivianas.org\/index.php\/wp-json\/wp\/v2\/posts\/88\/revisions"}],"predecessor-version":[{"id":90,"href":"https:\/\/noticiasafrobolivianas.org\/index.php\/wp-json\/wp\/v2\/posts\/88\/revisions\/90"}],"wp:featuredmedia":[{"embeddable":true,"href":"https:\/\/noticiasafrobolivianas.org\/index.php\/wp-json\/wp\/v2\/media\/89"}],"wp:attachment":[{"href":"https:\/\/noticiasafrobolivianas.org\/index.php\/wp-json\/wp\/v2\/media?parent=88"}],"wp:term":[{"taxonomy":"category","embeddable":true,"href":"https:\/\/noticiasafrobolivianas.org\/index.php\/wp-json\/wp\/v2\/categories?post=88"},{"taxonomy":"post_tag","embeddable":true,"href":"https:\/\/noticiasafrobolivianas.org\/index.php\/wp-json\/wp\/v2\/tags?post=88"}],"curies":[{"name":"wp","href":"https:\/\/api.w.org\/{rel}","templated":true}]}}