{"id":94,"date":"2024-09-26T13:40:09","date_gmt":"2024-09-26T11:40:09","guid":{"rendered":"https:\/\/noticiasafrobolivianas.org\/?p=94"},"modified":"2025-01-07T13:48:51","modified_gmt":"2025-01-07T12:48:51","slug":"ser-afroboliviano-es-una-cosas-maravillosa","status":"publish","type":"post","link":"https:\/\/noticiasafrobolivianas.org\/index.php\/2024\/09\/26\/ser-afroboliviano-es-una-cosas-maravillosa\/","title":{"rendered":"Ser afroboliviano es una cosa maravillosa"},"content":{"rendered":"\n<p><strong>En el marco del D\u00eda Nacional del Pueblo y la Cultura Afroboliviana se entrevist\u00f3 a Guisela V\u00e1zquez Zabala, presidenta de la asociaci\u00f3n \u00abCimarronas\u00bb.<\/strong> Es un referente en la defensa de los derechos de las mujeres afrobolivianas. <\/p>\n\n\n\n<p><strong>V\u00e1zquez Zabala encabeza una lucha activa por la igualdad de g\u00e9nero y la erradicaci\u00f3n del racismo<\/strong>, consolid\u00e1ndose como una voz influyente en la construcci\u00f3n de un futuro integrador en el Estado Plurinacional de Bolivia.<\/p>\n\n\n\n<p><strong>Como tantas otras mujeres afrobolivianas ha encontrado en la lucha colectiva la fuerza para enfrentar los m\u00faltiples sistemas de opresi\u00f3n<\/strong> que atraviesan su vida y la de su comunidad.&nbsp;<\/p>\n\n\n\n<p>Guisela opina que \u00abhan habido important\u00edsimos avances. Todas las bolivianas y los bolivianos estamos seguros de esto. Pero en este \u00faltimo tiempo hemos visto que hay muchas tareas pendientes. Uno de estos temas ser\u00eda la reducci\u00f3n del reconocimiento a espacios de representaci\u00f3n. Con tener una cara negra se considera que se est\u00e1n haciendo acciones por el pueblo. Para ser sincera, en estos a\u00f1os, se han abandonado muchos procesos, y se han impulsado pol\u00edticas p\u00fablicas discriminatorias\u00bb.<\/p>\n\n\n\n<p><strong>M\u00e1s informaci\u00f3n: <a href=\"https:\/\/www.pagina12.com.ar\/769503-guisela-vazquez-ser-afroboliviano-es-una-cosa-maravillosa\">P\u00e1gina 12<\/a><\/strong><\/p>\n","protected":false},"excerpt":{"rendered":"<p>En el marco del D\u00eda Nacional del Pueblo y la Cultura Afroboliviana se entrevist\u00f3 a Guisela V\u00e1zquez Zabala, presidenta de la asociaci\u00f3n \u00abCimarronas\u00bb. Es un referente en la defensa de los derechos de las mujeres afrobolivianas. V\u00e1zquez Zabala encabeza una lucha activa por la igualdad de g\u00e9nero y la erradicaci\u00f3n del racismo, consolid\u00e1ndose como una&#8230;<\/p>\n","protected":false},"author":1,"featured_media":95,"comment_status":"closed","ping_status":"closed","sticky":false,"template":"","format":"standard","meta":{"footnotes":""},"categories":[5],"tags":[35,48,49,51,50],"class_list":["post-94","post","type-post","status-publish","format-standard","has-post-thumbnail","hentry","category-derechos","tag-afrobolivianos","tag-cimarronas","tag-genero","tag-guisela","tag-igualdad"],"_links":{"self":[{"href":"https:\/\/noticiasafrobolivianas.org\/index.php\/wp-json\/wp\/v2\/posts\/94","targetHints":{"allow":["GET"]}}],"collection":[{"href":"https:\/\/noticiasafrobolivianas.org\/index.php\/wp-json\/wp\/v2\/posts"}],"about":[{"href":"https:\/\/noticiasafrobolivianas.org\/index.php\/wp-json\/wp\/v2\/types\/post"}],"author":[{"embeddable":true,"href":"https:\/\/noticiasafrobolivianas.org\/index.php\/wp-json\/wp\/v2\/users\/1"}],"replies":[{"embeddable":true,"href":"https:\/\/noticiasafrobolivianas.org\/index.php\/wp-json\/wp\/v2\/comments?post=94"}],"version-history":[{"count":2,"href":"https:\/\/noticiasafrobolivianas.org\/index.php\/wp-json\/wp\/v2\/posts\/94\/revisions"}],"predecessor-version":[{"id":97,"href":"https:\/\/noticiasafrobolivianas.org\/index.php\/wp-json\/wp\/v2\/posts\/94\/revisions\/97"}],"wp:featuredmedia":[{"embeddable":true,"href":"https:\/\/noticiasafrobolivianas.org\/index.php\/wp-json\/wp\/v2\/media\/95"}],"wp:attachment":[{"href":"https:\/\/noticiasafrobolivianas.org\/index.php\/wp-json\/wp\/v2\/media?parent=94"}],"wp:term":[{"taxonomy":"category","embeddable":true,"href":"https:\/\/noticiasafrobolivianas.org\/index.php\/wp-json\/wp\/v2\/categories?post=94"},{"taxonomy":"post_tag","embeddable":true,"href":"https:\/\/noticiasafrobolivianas.org\/index.php\/wp-json\/wp\/v2\/tags?post=94"}],"curies":[{"name":"wp","href":"https:\/\/api.w.org\/{rel}","templated":true}]}}