{"id":98,"date":"2024-04-08T13:49:26","date_gmt":"2024-04-08T11:49:26","guid":{"rendered":"https:\/\/noticiasafrobolivianas.org\/?p=98"},"modified":"2025-01-07T13:54:36","modified_gmt":"2025-01-07T12:54:36","slug":"primer-ampliado-pueblo-afroboliviano","status":"publish","type":"post","link":"https:\/\/noticiasafrobolivianas.org\/index.php\/2024\/04\/08\/primer-ampliado-pueblo-afroboliviano\/","title":{"rendered":"Primer Ampliado del Pueblo Afroboliviano"},"content":{"rendered":"\n<p><strong>Los d\u00edas 16 y 17 de marzo de 2024, un total de 500 afrobolivianos llegaron a La Paz desde diferentes rincones de Bolivia con el objetivo de realizar el primer Ampliado de su Historia. <\/strong><\/p>\n\n\n\n<p><strong>Las ocho mesas de trabajos se plasmaron en un documento final que abrir\u00e1 un di\u00e1logo con el Estado Plurinacional. <\/strong><\/p>\n\n\n\n<p>Por la noche, realizaron una toma simb\u00f3lica en la Plaza Murillo, donde se encuentran el palacio de Gobierno y la Asamblea. Al ritmo de la saya afroboliviana, cueca negra y semba, el pueblo Afroboliviano ha iniciado una nueva etapa con mucha esperanza. Y seguir\u00e1n atentos al llamado del tambor.<\/p>\n\n\n\n<p><strong>Los d\u00edas 16 y 17 de marzo, 35 delegaciones del Consejo Nacional Afroboliviano (Conafro) se reunieron en La Paz<\/strong>, con el objetivo de escuchar las necesidades de las comunidades y plantear propuestas.<\/p>\n\n\n\n<p><strong>El \u00e9xito del primer Ampliado Afroboliviano abre un espacio de di\u00e1logo con el Estado Plurinacional de Bolivia para realizar el seguimiento de las propuestas en cada una de las mesas de trabajo.<\/strong> Para ello, se realiz\u00f3 una Declaraci\u00f3n Final que es una gu\u00eda de trabajo para seguir.<\/p>\n\n\n\n<p><strong>M\u00e1s informaci\u00f3n: <a href=\"https:\/\/debatesindigenas.org\/2024\/04\/01\/el-tambor-mayor-ha-hablado-primer-ampliado-del-pueblo-afroboliviano\/\">Debates Ind\u00edgenas<\/a><\/strong><\/p>\n","protected":false},"excerpt":{"rendered":"<p>Los d\u00edas 16 y 17 de marzo de 2024, un total de 500 afrobolivianos llegaron a La Paz desde diferentes rincones de Bolivia con el objetivo de realizar el primer Ampliado de su Historia. Las ocho mesas de trabajos se plasmaron en un documento final que abrir\u00e1 un di\u00e1logo con el Estado Plurinacional. Por la&#8230;<\/p>\n","protected":false},"author":1,"featured_media":99,"comment_status":"closed","ping_status":"closed","sticky":false,"template":"","format":"standard","meta":{"footnotes":""},"categories":[5],"tags":[54,52,53],"class_list":["post-98","post","type-post","status-publish","format-standard","has-post-thumbnail","hentry","category-derechos","tag-afroboliviano","tag-ampliado","tag-pueblo"],"_links":{"self":[{"href":"https:\/\/noticiasafrobolivianas.org\/index.php\/wp-json\/wp\/v2\/posts\/98","targetHints":{"allow":["GET"]}}],"collection":[{"href":"https:\/\/noticiasafrobolivianas.org\/index.php\/wp-json\/wp\/v2\/posts"}],"about":[{"href":"https:\/\/noticiasafrobolivianas.org\/index.php\/wp-json\/wp\/v2\/types\/post"}],"author":[{"embeddable":true,"href":"https:\/\/noticiasafrobolivianas.org\/index.php\/wp-json\/wp\/v2\/users\/1"}],"replies":[{"embeddable":true,"href":"https:\/\/noticiasafrobolivianas.org\/index.php\/wp-json\/wp\/v2\/comments?post=98"}],"version-history":[{"count":1,"href":"https:\/\/noticiasafrobolivianas.org\/index.php\/wp-json\/wp\/v2\/posts\/98\/revisions"}],"predecessor-version":[{"id":100,"href":"https:\/\/noticiasafrobolivianas.org\/index.php\/wp-json\/wp\/v2\/posts\/98\/revisions\/100"}],"wp:featuredmedia":[{"embeddable":true,"href":"https:\/\/noticiasafrobolivianas.org\/index.php\/wp-json\/wp\/v2\/media\/99"}],"wp:attachment":[{"href":"https:\/\/noticiasafrobolivianas.org\/index.php\/wp-json\/wp\/v2\/media?parent=98"}],"wp:term":[{"taxonomy":"category","embeddable":true,"href":"https:\/\/noticiasafrobolivianas.org\/index.php\/wp-json\/wp\/v2\/categories?post=98"},{"taxonomy":"post_tag","embeddable":true,"href":"https:\/\/noticiasafrobolivianas.org\/index.php\/wp-json\/wp\/v2\/tags?post=98"}],"curies":[{"name":"wp","href":"https:\/\/api.w.org\/{rel}","templated":true}]}}